{"id":8749,"date":"2025-02-25T16:10:40","date_gmt":"2025-02-25T16:10:40","guid":{"rendered":"https:\/\/facomet.cl\/?p=8749"},"modified":"2025-02-25T16:10:40","modified_gmt":"2025-02-25T16:10:40","slug":"corte-por-laser","status":"publish","type":"post","link":"https:\/\/facomet.cl\/index.php\/corte-por-laser\/","title":{"rendered":"Corte por l\u00e1ser"},"content":{"rendered":"<p style=\"text-align: justify;\">El corte por l\u00e1ser es una tecnolog\u00eda de vanguardia que utiliza un haz de luz concentrada para cortar, grabar o perforar materiales met\u00e1licos. Este proceso se caracteriza por su capacidad para realizar cortes extremadamente finos y precisos en materiales como fierro, aluminio e inoxidable. El corte por l\u00e1ser es especialmente adecuado para trabajos que requieren una alta calidad de acabado y una reducci\u00f3n en el desperdicio de material, ya que el haz l\u00e1ser realiza cortes con una precisi\u00f3n milim\u00e9trica, lo que minimiza la necesidad de trabajo adicional.<\/p>\n<p style=\"text-align: justify;\">El uso de l\u00e1ser en fierro, aluminio e inoxidable se ha expandido r\u00e1pidamente en diversas industrias, desde la automotriz hasta la fabricaci\u00f3n de productos electr\u00f3nicos. Este m\u00e9todo ofrece ventajas significativas sobre otras t\u00e9cnicas tradicionales, como el corte por plasma, debido a su capacidad para realizar cortes m\u00e1s complejos y con mayor detalle. Adem\u00e1s, el corte por l\u00e1ser permite trabajar con una variedad de grosores de materiales, lo que lo convierte en una soluci\u00f3n altamente vers\u00e1til para la fabricaci\u00f3n de piezas personalizadas y con dise\u00f1os intrincados, todo mientras mantiene una alta eficiencia en la producci\u00f3n.<\/p>\n<div id=\"divtags\">\n<h1>L\u00e1ser en fierro<\/h1>\n<h1>L\u00e1ser aluminio<\/h1>\n<h1>L\u00e1ser inoxidable<\/h1>\n<\/div>\n","protected":false},"excerpt":{"rendered":"<p>El corte por l\u00e1ser es una tecnolog\u00eda de vanguardia que utiliza un haz de luz concentrada para cortar, grabar o perforar materiales met\u00e1licos. Este proceso se caracteriza por su capacidad para realizar cortes extremadamente finos y precisos en materiales como fierro, aluminio e inoxidable. El corte por l\u00e1ser es especialmente adecuado para trabajos que requieren&#8230;<\/p>\n","protected":false},"author":1,"featured_media":8750,"comment_status":"open","ping_status":"open","sticky":false,"template":"","format":"standard","meta":{"_acf_changed":false,"footnotes":""},"categories":[68],"tags":[],"class_list":["post-8749","post","type-post","status-publish","format-standard","has-post-thumbnail","hentry","category-blog"],"acf":[],"yoast_head":"<!-- This site is optimized with the Yoast SEO plugin v27.0 - https:\/\/yoast.com\/product\/yoast-seo-wordpress\/ -->\n<title>Corte por l\u00e1ser - Corte laser<\/title>\n<meta name=\"robots\" content=\"index, follow, max-snippet:-1, max-image-preview:large, max-video-preview:-1\" \/>\n<link rel=\"canonical\" href=\"https:\/\/facomet.cl\/index.php\/corte-por-laser\/\" \/>\n<meta property=\"og:locale\" content=\"es_ES\" \/>\n<meta property=\"og:type\" content=\"article\" \/>\n<meta property=\"og:title\" content=\"Corte por l\u00e1ser - Corte laser\" \/>\n<meta property=\"og:description\" content=\"El corte por l\u00e1ser es una tecnolog\u00eda de vanguardia que utiliza un haz de luz concentrada para cortar, grabar o perforar materiales met\u00e1licos. Este proceso se caracteriza por su capacidad para realizar cortes extremadamente finos y precisos en materiales como fierro, aluminio e inoxidable. El corte por l\u00e1ser es especialmente adecuado para trabajos que requieren...\" \/>\n<meta property=\"og:url\" content=\"https:\/\/facomet.cl\/index.php\/corte-por-laser\/\" \/>\n<meta property=\"og:site_name\" content=\"Corte laser\" \/>\n<meta property=\"article:published_time\" content=\"2025-02-25T16:10:40+00:00\" \/>\n<meta property=\"og:image\" content=\"https:\/\/facomet.cl\/wp-content\/uploads\/2025\/02\/Corte-por-laser.jpg\" \/>\n\t<meta property=\"og:image:width\" content=\"1080\" \/>\n\t<meta property=\"og:image:height\" content=\"720\" \/>\n\t<meta property=\"og:image:type\" content=\"image\/jpeg\" \/>\n<meta name=\"author\" content=\"admin\" \/>\n<meta name=\"twitter:card\" content=\"summary_large_image\" \/>\n<meta name=\"twitter:label1\" content=\"Escrito por\" \/>\n\t<meta name=\"twitter:data1\" content=\"admin\" \/>\n\t<meta name=\"twitter:label2\" content=\"Tiempo de lectura\" \/>\n\t<meta name=\"twitter:data2\" content=\"2 minutos\" \/>\n<script type=\"application\/ld+json\" class=\"yoast-schema-graph\">{\"@context\":\"https:\/\/schema.org\",\"@graph\":[{\"@type\":\"Article\",\"@id\":\"https:\/\/facomet.cl\/index.php\/corte-por-laser\/#article\",\"isPartOf\":{\"@id\":\"https:\/\/facomet.cl\/index.php\/corte-por-laser\/\"},\"author\":{\"name\":\"admin\",\"@id\":\"https:\/\/facomet.cl\/#\/schema\/person\/449605bd782fd9275d66bd3de5b1ae84\"},\"headline\":\"Corte por l\u00e1ser\",\"datePublished\":\"2025-02-25T16:10:40+00:00\",\"mainEntityOfPage\":{\"@id\":\"https:\/\/facomet.cl\/index.php\/corte-por-laser\/\"},\"wordCount\":217,\"commentCount\":0,\"publisher\":{\"@id\":\"https:\/\/facomet.cl\/#organization\"},\"image\":{\"@id\":\"https:\/\/facomet.cl\/index.php\/corte-por-laser\/#primaryimage\"},\"thumbnailUrl\":\"https:\/\/facomet.cl\/wp-content\/uploads\/2025\/02\/Corte-por-laser.jpg\",\"articleSection\":[\"Blog\"],\"inLanguage\":\"es\",\"potentialAction\":[{\"@type\":\"CommentAction\",\"name\":\"Comment\",\"target\":[\"https:\/\/facomet.cl\/index.php\/corte-por-laser\/#respond\"]}]},{\"@type\":\"WebPage\",\"@id\":\"https:\/\/facomet.cl\/index.php\/corte-por-laser\/\",\"url\":\"https:\/\/facomet.cl\/index.php\/corte-por-laser\/\",\"name\":\"Corte por l\u00e1ser - Corte laser\",\"isPartOf\":{\"@id\":\"https:\/\/facomet.cl\/#website\"},\"primaryImageOfPage\":{\"@id\":\"https:\/\/facomet.cl\/index.php\/corte-por-laser\/#primaryimage\"},\"image\":{\"@id\":\"https:\/\/facomet.cl\/index.php\/corte-por-laser\/#primaryimage\"},\"thumbnailUrl\":\"https:\/\/facomet.cl\/wp-content\/uploads\/2025\/02\/Corte-por-laser.jpg\",\"datePublished\":\"2025-02-25T16:10:40+00:00\",\"breadcrumb\":{\"@id\":\"https:\/\/facomet.cl\/index.php\/corte-por-laser\/#breadcrumb\"},\"inLanguage\":\"es\",\"potentialAction\":[{\"@type\":\"ReadAction\",\"target\":[\"https:\/\/facomet.cl\/index.php\/corte-por-laser\/\"]}]},{\"@type\":\"ImageObject\",\"inLanguage\":\"es\",\"@id\":\"https:\/\/facomet.cl\/index.php\/corte-por-laser\/#primaryimage\",\"url\":\"https:\/\/facomet.cl\/wp-content\/uploads\/2025\/02\/Corte-por-laser.jpg\",\"contentUrl\":\"https:\/\/facomet.cl\/wp-content\/uploads\/2025\/02\/Corte-por-laser.jpg\",\"width\":1080,\"height\":720},{\"@type\":\"BreadcrumbList\",\"@id\":\"https:\/\/facomet.cl\/index.php\/corte-por-laser\/#breadcrumb\",\"itemListElement\":[{\"@type\":\"ListItem\",\"position\":1,\"name\":\"Portada\",\"item\":\"https:\/\/facomet.cl\/\"},{\"@type\":\"ListItem\",\"position\":2,\"name\":\"Corte por l\u00e1ser\"}]},{\"@type\":\"WebSite\",\"@id\":\"https:\/\/facomet.cl\/#website\",\"url\":\"https:\/\/facomet.cl\/\",\"name\":\"Aceros Facomet\",\"description\":\"Cilindrado de planchas, Corte por chorro de agua, Maestranza, Punzonado, Corte y Plegados, Corte por plasma alta definici\u00f3n, Abastecedora Cortinas Facomet, Corte de Planchas Dimensionadas, Corta Laser de Letreros, Metal\u00fargica, Aceros.\",\"publisher\":{\"@id\":\"https:\/\/facomet.cl\/#organization\"},\"potentialAction\":[{\"@type\":\"SearchAction\",\"target\":{\"@type\":\"EntryPoint\",\"urlTemplate\":\"https:\/\/facomet.cl\/?s={search_term_string}\"},\"query-input\":{\"@type\":\"PropertyValueSpecification\",\"valueRequired\":true,\"valueName\":\"search_term_string\"}}],\"inLanguage\":\"es\"},{\"@type\":\"Organization\",\"@id\":\"https:\/\/facomet.cl\/#organization\",\"name\":\"Aceros Facomet\",\"url\":\"https:\/\/facomet.cl\/\",\"logo\":{\"@type\":\"ImageObject\",\"inLanguage\":\"es\",\"@id\":\"https:\/\/facomet.cl\/#\/schema\/logo\/image\/\",\"url\":\"https:\/\/facomet.cl\/wp-content\/uploads\/2017\/07\/logo-1.png\",\"contentUrl\":\"https:\/\/facomet.cl\/wp-content\/uploads\/2017\/07\/logo-1.png\",\"width\":300,\"height\":70,\"caption\":\"Aceros Facomet\"},\"image\":{\"@id\":\"https:\/\/facomet.cl\/#\/schema\/logo\/image\/\"},\"sameAs\":[\"https:\/\/www.instagram.com\/facometspa\/\"]},{\"@type\":\"Person\",\"@id\":\"https:\/\/facomet.cl\/#\/schema\/person\/449605bd782fd9275d66bd3de5b1ae84\",\"name\":\"admin\",\"image\":{\"@type\":\"ImageObject\",\"inLanguage\":\"es\",\"@id\":\"https:\/\/facomet.cl\/#\/schema\/person\/image\/\",\"url\":\"https:\/\/secure.gravatar.com\/avatar\/354c1265984d7092296d95d19ab93a0d053ece583b10d450bf5fddb21c5a4fe4?s=96&d=mm&r=g\",\"contentUrl\":\"https:\/\/secure.gravatar.com\/avatar\/354c1265984d7092296d95d19ab93a0d053ece583b10d450bf5fddb21c5a4fe4?s=96&d=mm&r=g\",\"caption\":\"admin\"},\"sameAs\":[\"https:\/\/facomet.cl\"],\"url\":\"https:\/\/facomet.cl\/index.php\/author\/srtv\/\"}]}<\/script>\n<!-- \/ Yoast SEO plugin. -->","yoast_head_json":{"title":"Corte por l\u00e1ser - Corte laser","robots":{"index":"index","follow":"follow","max-snippet":"max-snippet:-1","max-image-preview":"max-image-preview:large","max-video-preview":"max-video-preview:-1"},"canonical":"https:\/\/facomet.cl\/index.php\/corte-por-laser\/","og_locale":"es_ES","og_type":"article","og_title":"Corte por l\u00e1ser - Corte laser","og_description":"El corte por l\u00e1ser es una tecnolog\u00eda de vanguardia que utiliza un haz de luz concentrada para cortar, grabar o perforar materiales met\u00e1licos. Este proceso se caracteriza por su capacidad para realizar cortes extremadamente finos y precisos en materiales como fierro, aluminio e inoxidable. El corte por l\u00e1ser es especialmente adecuado para trabajos que requieren...","og_url":"https:\/\/facomet.cl\/index.php\/corte-por-laser\/","og_site_name":"Corte laser","article_published_time":"2025-02-25T16:10:40+00:00","og_image":[{"width":1080,"height":720,"url":"https:\/\/facomet.cl\/wp-content\/uploads\/2025\/02\/Corte-por-laser.jpg","type":"image\/jpeg"}],"author":"admin","twitter_card":"summary_large_image","twitter_misc":{"Escrito por":"admin","Tiempo de lectura":"2 minutos"},"schema":{"@context":"https:\/\/schema.org","@graph":[{"@type":"Article","@id":"https:\/\/facomet.cl\/index.php\/corte-por-laser\/#article","isPartOf":{"@id":"https:\/\/facomet.cl\/index.php\/corte-por-laser\/"},"author":{"name":"admin","@id":"https:\/\/facomet.cl\/#\/schema\/person\/449605bd782fd9275d66bd3de5b1ae84"},"headline":"Corte por l\u00e1ser","datePublished":"2025-02-25T16:10:40+00:00","mainEntityOfPage":{"@id":"https:\/\/facomet.cl\/index.php\/corte-por-laser\/"},"wordCount":217,"commentCount":0,"publisher":{"@id":"https:\/\/facomet.cl\/#organization"},"image":{"@id":"https:\/\/facomet.cl\/index.php\/corte-por-laser\/#primaryimage"},"thumbnailUrl":"https:\/\/facomet.cl\/wp-content\/uploads\/2025\/02\/Corte-por-laser.jpg","articleSection":["Blog"],"inLanguage":"es","potentialAction":[{"@type":"CommentAction","name":"Comment","target":["https:\/\/facomet.cl\/index.php\/corte-por-laser\/#respond"]}]},{"@type":"WebPage","@id":"https:\/\/facomet.cl\/index.php\/corte-por-laser\/","url":"https:\/\/facomet.cl\/index.php\/corte-por-laser\/","name":"Corte por l\u00e1ser - Corte laser","isPartOf":{"@id":"https:\/\/facomet.cl\/#website"},"primaryImageOfPage":{"@id":"https:\/\/facomet.cl\/index.php\/corte-por-laser\/#primaryimage"},"image":{"@id":"https:\/\/facomet.cl\/index.php\/corte-por-laser\/#primaryimage"},"thumbnailUrl":"https:\/\/facomet.cl\/wp-content\/uploads\/2025\/02\/Corte-por-laser.jpg","datePublished":"2025-02-25T16:10:40+00:00","breadcrumb":{"@id":"https:\/\/facomet.cl\/index.php\/corte-por-laser\/#breadcrumb"},"inLanguage":"es","potentialAction":[{"@type":"ReadAction","target":["https:\/\/facomet.cl\/index.php\/corte-por-laser\/"]}]},{"@type":"ImageObject","inLanguage":"es","@id":"https:\/\/facomet.cl\/index.php\/corte-por-laser\/#primaryimage","url":"https:\/\/facomet.cl\/wp-content\/uploads\/2025\/02\/Corte-por-laser.jpg","contentUrl":"https:\/\/facomet.cl\/wp-content\/uploads\/2025\/02\/Corte-por-laser.jpg","width":1080,"height":720},{"@type":"BreadcrumbList","@id":"https:\/\/facomet.cl\/index.php\/corte-por-laser\/#breadcrumb","itemListElement":[{"@type":"ListItem","position":1,"name":"Portada","item":"https:\/\/facomet.cl\/"},{"@type":"ListItem","position":2,"name":"Corte por l\u00e1ser"}]},{"@type":"WebSite","@id":"https:\/\/facomet.cl\/#website","url":"https:\/\/facomet.cl\/","name":"Aceros Facomet","description":"Cilindrado de planchas, Corte por chorro de agua, Maestranza, Punzonado, Corte y Plegados, Corte por plasma alta definici\u00f3n, Abastecedora Cortinas Facomet, Corte de Planchas Dimensionadas, Corta Laser de Letreros, Metal\u00fargica, Aceros.","publisher":{"@id":"https:\/\/facomet.cl\/#organization"},"potentialAction":[{"@type":"SearchAction","target":{"@type":"EntryPoint","urlTemplate":"https:\/\/facomet.cl\/?s={search_term_string}"},"query-input":{"@type":"PropertyValueSpecification","valueRequired":true,"valueName":"search_term_string"}}],"inLanguage":"es"},{"@type":"Organization","@id":"https:\/\/facomet.cl\/#organization","name":"Aceros Facomet","url":"https:\/\/facomet.cl\/","logo":{"@type":"ImageObject","inLanguage":"es","@id":"https:\/\/facomet.cl\/#\/schema\/logo\/image\/","url":"https:\/\/facomet.cl\/wp-content\/uploads\/2017\/07\/logo-1.png","contentUrl":"https:\/\/facomet.cl\/wp-content\/uploads\/2017\/07\/logo-1.png","width":300,"height":70,"caption":"Aceros Facomet"},"image":{"@id":"https:\/\/facomet.cl\/#\/schema\/logo\/image\/"},"sameAs":["https:\/\/www.instagram.com\/facometspa\/"]},{"@type":"Person","@id":"https:\/\/facomet.cl\/#\/schema\/person\/449605bd782fd9275d66bd3de5b1ae84","name":"admin","image":{"@type":"ImageObject","inLanguage":"es","@id":"https:\/\/facomet.cl\/#\/schema\/person\/image\/","url":"https:\/\/secure.gravatar.com\/avatar\/354c1265984d7092296d95d19ab93a0d053ece583b10d450bf5fddb21c5a4fe4?s=96&d=mm&r=g","contentUrl":"https:\/\/secure.gravatar.com\/avatar\/354c1265984d7092296d95d19ab93a0d053ece583b10d450bf5fddb21c5a4fe4?s=96&d=mm&r=g","caption":"admin"},"sameAs":["https:\/\/facomet.cl"],"url":"https:\/\/facomet.cl\/index.php\/author\/srtv\/"}]}},"_links":{"self":[{"href":"https:\/\/facomet.cl\/index.php\/wp-json\/wp\/v2\/posts\/8749","targetHints":{"allow":["GET"]}}],"collection":[{"href":"https:\/\/facomet.cl\/index.php\/wp-json\/wp\/v2\/posts"}],"about":[{"href":"https:\/\/facomet.cl\/index.php\/wp-json\/wp\/v2\/types\/post"}],"author":[{"embeddable":true,"href":"https:\/\/facomet.cl\/index.php\/wp-json\/wp\/v2\/users\/1"}],"replies":[{"embeddable":true,"href":"https:\/\/facomet.cl\/index.php\/wp-json\/wp\/v2\/comments?post=8749"}],"version-history":[{"count":1,"href":"https:\/\/facomet.cl\/index.php\/wp-json\/wp\/v2\/posts\/8749\/revisions"}],"predecessor-version":[{"id":8751,"href":"https:\/\/facomet.cl\/index.php\/wp-json\/wp\/v2\/posts\/8749\/revisions\/8751"}],"wp:featuredmedia":[{"embeddable":true,"href":"https:\/\/facomet.cl\/index.php\/wp-json\/wp\/v2\/media\/8750"}],"wp:attachment":[{"href":"https:\/\/facomet.cl\/index.php\/wp-json\/wp\/v2\/media?parent=8749"}],"wp:term":[{"taxonomy":"category","embeddable":true,"href":"https:\/\/facomet.cl\/index.php\/wp-json\/wp\/v2\/categories?post=8749"},{"taxonomy":"post_tag","embeddable":true,"href":"https:\/\/facomet.cl\/index.php\/wp-json\/wp\/v2\/tags?post=8749"}],"curies":[{"name":"wp","href":"https:\/\/api.w.org\/{rel}","templated":true}]}}