{"id":8211,"date":"2022-07-18T14:04:38","date_gmt":"2022-07-18T14:04:38","guid":{"rendered":"https:\/\/facomet.cl\/?p=8211"},"modified":"2024-06-12T21:20:10","modified_gmt":"2024-06-12T21:20:10","slug":"alargues-de-chasis-para-camion","status":"publish","type":"post","link":"https:\/\/facomet.cl\/index.php\/alargues-de-chasis-para-camion\/","title":{"rendered":"Alargues de chasis para cami\u00f3n"},"content":{"rendered":"<p style=\"text-align: justify;\">Debido a las aplicaciones intr\u00ednsecas de los camiones para traslado de cargas pesadas y recorridos a grandes distancias, muchos propietarios deciden realizar alargues de chasis, en la medida en que es una medida factible para aumentar las capacidades de carga.<\/p>\n<p style=\"text-align: justify;\">En Facomet no s\u00f3lo reunimos el conocimiento, sino tambi\u00e9n la experiencia, la maquinaria y la experticia legal para gestionar los proyectos de alargues de chasis para cami\u00f3n, pleno cumplimiento de los est\u00e1ndares jur\u00eddicos relevantes y vigentes.<\/p>\n<p style=\"text-align: justify;\">En todo momento, los dise\u00f1os de alargues de chasis para cami\u00f3n tambi\u00e9n se llevan a cabo de acuerdo con los requerimientos de nuestros clientes, de tal manera que no tengan problemas con la ley, pero tampoco con sus necesidades de desplazamiento.<\/p>\n<div id=\"divtags\">\n<h1>Alargues de chasis<\/h1>\n<h1>Chasis extendido cami\u00f3n<\/h1>\n<h1>Modificaci\u00f3n de chasis<\/h1>\n<h1>Extensiones de chasis<\/h1>\n<h1>Chasis para camiones<\/h1>\n<h1>Alargue de chasis<\/h1>\n<h1>Chasis reforzado cami\u00f3n<\/h1>\n<h1>Extender chasis cami\u00f3n<\/h1>\n<h1>Chasis cami\u00f3n modificaci\u00f3n<\/h1>\n<h1>Reparaci\u00f3n de chasis<\/h1>\n<h1>Servicio de chasis<\/h1>\n<h1>Chasis cami\u00f3n alargue<\/h1>\n<h1>Ampliar chasis cami\u00f3n<\/h1>\n<h1>Chasis cami\u00f3n largo<\/h1>\n<h1>Chasis cami\u00f3n ajuste<\/h1>\n<h1>Extensi\u00f3n chasis cami\u00f3n<\/h1>\n<h1>Mejora de chasis<\/h1>\n<h1>Chasis para carga<\/h1>\n<h1>Alargues de carrocer\u00eda<\/h1>\n<h1>Chasis cami\u00f3n personalizado<\/h1>\n<\/div>\n","protected":false},"excerpt":{"rendered":"<p>Debido a las aplicaciones intr\u00ednsecas de los camiones para traslado de cargas pesadas y recorridos a grandes distancias, muchos propietarios deciden realizar alargues de chasis, en la medida en que es una medida factible para aumentar las capacidades de carga. En Facomet no s\u00f3lo reunimos el conocimiento, sino tambi\u00e9n la experiencia, la maquinaria y la&#8230;<\/p>\n","protected":false},"author":1,"featured_media":8276,"comment_status":"open","ping_status":"open","sticky":false,"template":"","format":"standard","meta":{"_acf_changed":false,"footnotes":""},"categories":[68],"tags":[],"class_list":["post-8211","post","type-post","status-publish","format-standard","has-post-thumbnail","hentry","category-blog"],"acf":[],"yoast_head":"<!-- This site is optimized with the Yoast SEO plugin v27.0 - https:\/\/yoast.com\/product\/yoast-seo-wordpress\/ -->\n<title>Alargues de chasis para cami\u00f3n - Corte laser<\/title>\n<meta name=\"robots\" content=\"index, follow, max-snippet:-1, max-image-preview:large, max-video-preview:-1\" \/>\n<link rel=\"canonical\" href=\"https:\/\/facomet.cl\/index.php\/alargues-de-chasis-para-camion\/\" \/>\n<meta property=\"og:locale\" content=\"es_ES\" \/>\n<meta property=\"og:type\" content=\"article\" \/>\n<meta property=\"og:title\" content=\"Alargues de chasis para cami\u00f3n - Corte laser\" \/>\n<meta property=\"og:description\" content=\"Debido a las aplicaciones intr\u00ednsecas de los camiones para traslado de cargas pesadas y recorridos a grandes distancias, muchos propietarios deciden realizar alargues de chasis, en la medida en que es una medida factible para aumentar las capacidades de carga. En Facomet no s\u00f3lo reunimos el conocimiento, sino tambi\u00e9n la experiencia, la maquinaria y la...\" \/>\n<meta property=\"og:url\" content=\"https:\/\/facomet.cl\/index.php\/alargues-de-chasis-para-camion\/\" \/>\n<meta property=\"og:site_name\" content=\"Corte laser\" \/>\n<meta property=\"article:published_time\" content=\"2022-07-18T14:04:38+00:00\" \/>\n<meta property=\"article:modified_time\" content=\"2024-06-12T21:20:10+00:00\" \/>\n<meta property=\"og:image\" content=\"https:\/\/facomet.cl\/wp-content\/uploads\/2022\/07\/PLEGADO-FIERRO-8-1.jpeg\" \/>\n\t<meta property=\"og:image:width\" content=\"1561\" \/>\n\t<meta property=\"og:image:height\" content=\"1200\" \/>\n\t<meta property=\"og:image:type\" content=\"image\/jpeg\" \/>\n<meta name=\"author\" content=\"admin\" \/>\n<meta name=\"twitter:card\" content=\"summary_large_image\" \/>\n<meta name=\"twitter:label1\" content=\"Escrito por\" \/>\n\t<meta name=\"twitter:data1\" content=\"admin\" \/>\n\t<meta name=\"twitter:label2\" content=\"Tiempo de lectura\" \/>\n\t<meta name=\"twitter:data2\" content=\"1 minuto\" \/>\n<script type=\"application\/ld+json\" class=\"yoast-schema-graph\">{\"@context\":\"https:\/\/schema.org\",\"@graph\":[{\"@type\":\"Article\",\"@id\":\"https:\/\/facomet.cl\/index.php\/alargues-de-chasis-para-camion\/#article\",\"isPartOf\":{\"@id\":\"https:\/\/facomet.cl\/index.php\/alargues-de-chasis-para-camion\/\"},\"author\":{\"name\":\"admin\",\"@id\":\"https:\/\/facomet.cl\/#\/schema\/person\/449605bd782fd9275d66bd3de5b1ae84\"},\"headline\":\"Alargues de chasis para cami\u00f3n\",\"datePublished\":\"2022-07-18T14:04:38+00:00\",\"dateModified\":\"2024-06-12T21:20:10+00:00\",\"mainEntityOfPage\":{\"@id\":\"https:\/\/facomet.cl\/index.php\/alargues-de-chasis-para-camion\/\"},\"wordCount\":207,\"commentCount\":0,\"publisher\":{\"@id\":\"https:\/\/facomet.cl\/#organization\"},\"image\":{\"@id\":\"https:\/\/facomet.cl\/index.php\/alargues-de-chasis-para-camion\/#primaryimage\"},\"thumbnailUrl\":\"https:\/\/facomet.cl\/wp-content\/uploads\/2022\/07\/PLEGADO-FIERRO-8-1.jpeg\",\"articleSection\":[\"Blog\"],\"inLanguage\":\"es\",\"potentialAction\":[{\"@type\":\"CommentAction\",\"name\":\"Comment\",\"target\":[\"https:\/\/facomet.cl\/index.php\/alargues-de-chasis-para-camion\/#respond\"]}]},{\"@type\":\"WebPage\",\"@id\":\"https:\/\/facomet.cl\/index.php\/alargues-de-chasis-para-camion\/\",\"url\":\"https:\/\/facomet.cl\/index.php\/alargues-de-chasis-para-camion\/\",\"name\":\"Alargues de chasis para cami\u00f3n - Corte laser\",\"isPartOf\":{\"@id\":\"https:\/\/facomet.cl\/#website\"},\"primaryImageOfPage\":{\"@id\":\"https:\/\/facomet.cl\/index.php\/alargues-de-chasis-para-camion\/#primaryimage\"},\"image\":{\"@id\":\"https:\/\/facomet.cl\/index.php\/alargues-de-chasis-para-camion\/#primaryimage\"},\"thumbnailUrl\":\"https:\/\/facomet.cl\/wp-content\/uploads\/2022\/07\/PLEGADO-FIERRO-8-1.jpeg\",\"datePublished\":\"2022-07-18T14:04:38+00:00\",\"dateModified\":\"2024-06-12T21:20:10+00:00\",\"breadcrumb\":{\"@id\":\"https:\/\/facomet.cl\/index.php\/alargues-de-chasis-para-camion\/#breadcrumb\"},\"inLanguage\":\"es\",\"potentialAction\":[{\"@type\":\"ReadAction\",\"target\":[\"https:\/\/facomet.cl\/index.php\/alargues-de-chasis-para-camion\/\"]}]},{\"@type\":\"ImageObject\",\"inLanguage\":\"es\",\"@id\":\"https:\/\/facomet.cl\/index.php\/alargues-de-chasis-para-camion\/#primaryimage\",\"url\":\"https:\/\/facomet.cl\/wp-content\/uploads\/2022\/07\/PLEGADO-FIERRO-8-1.jpeg\",\"contentUrl\":\"https:\/\/facomet.cl\/wp-content\/uploads\/2022\/07\/PLEGADO-FIERRO-8-1.jpeg\",\"width\":1561,\"height\":1200},{\"@type\":\"BreadcrumbList\",\"@id\":\"https:\/\/facomet.cl\/index.php\/alargues-de-chasis-para-camion\/#breadcrumb\",\"itemListElement\":[{\"@type\":\"ListItem\",\"position\":1,\"name\":\"Portada\",\"item\":\"https:\/\/facomet.cl\/\"},{\"@type\":\"ListItem\",\"position\":2,\"name\":\"Alargues de chasis para cami\u00f3n\"}]},{\"@type\":\"WebSite\",\"@id\":\"https:\/\/facomet.cl\/#website\",\"url\":\"https:\/\/facomet.cl\/\",\"name\":\"Aceros Facomet\",\"description\":\"Cilindrado de planchas, Corte por chorro de agua, Maestranza, Punzonado, Corte y Plegados, Corte por plasma alta definici\u00f3n, Abastecedora Cortinas Facomet, Corte de Planchas Dimensionadas, Corta Laser de Letreros, Metal\u00fargica, Aceros.\",\"publisher\":{\"@id\":\"https:\/\/facomet.cl\/#organization\"},\"potentialAction\":[{\"@type\":\"SearchAction\",\"target\":{\"@type\":\"EntryPoint\",\"urlTemplate\":\"https:\/\/facomet.cl\/?s={search_term_string}\"},\"query-input\":{\"@type\":\"PropertyValueSpecification\",\"valueRequired\":true,\"valueName\":\"search_term_string\"}}],\"inLanguage\":\"es\"},{\"@type\":\"Organization\",\"@id\":\"https:\/\/facomet.cl\/#organization\",\"name\":\"Aceros Facomet\",\"url\":\"https:\/\/facomet.cl\/\",\"logo\":{\"@type\":\"ImageObject\",\"inLanguage\":\"es\",\"@id\":\"https:\/\/facomet.cl\/#\/schema\/logo\/image\/\",\"url\":\"https:\/\/facomet.cl\/wp-content\/uploads\/2017\/07\/logo-1.png\",\"contentUrl\":\"https:\/\/facomet.cl\/wp-content\/uploads\/2017\/07\/logo-1.png\",\"width\":300,\"height\":70,\"caption\":\"Aceros Facomet\"},\"image\":{\"@id\":\"https:\/\/facomet.cl\/#\/schema\/logo\/image\/\"},\"sameAs\":[\"https:\/\/www.instagram.com\/facometspa\/\"]},{\"@type\":\"Person\",\"@id\":\"https:\/\/facomet.cl\/#\/schema\/person\/449605bd782fd9275d66bd3de5b1ae84\",\"name\":\"admin\",\"image\":{\"@type\":\"ImageObject\",\"inLanguage\":\"es\",\"@id\":\"https:\/\/facomet.cl\/#\/schema\/person\/image\/\",\"url\":\"https:\/\/secure.gravatar.com\/avatar\/354c1265984d7092296d95d19ab93a0d053ece583b10d450bf5fddb21c5a4fe4?s=96&d=mm&r=g\",\"contentUrl\":\"https:\/\/secure.gravatar.com\/avatar\/354c1265984d7092296d95d19ab93a0d053ece583b10d450bf5fddb21c5a4fe4?s=96&d=mm&r=g\",\"caption\":\"admin\"},\"sameAs\":[\"https:\/\/facomet.cl\"],\"url\":\"https:\/\/facomet.cl\/index.php\/author\/srtv\/\"}]}<\/script>\n<!-- \/ Yoast SEO plugin. -->","yoast_head_json":{"title":"Alargues de chasis para cami\u00f3n - Corte laser","robots":{"index":"index","follow":"follow","max-snippet":"max-snippet:-1","max-image-preview":"max-image-preview:large","max-video-preview":"max-video-preview:-1"},"canonical":"https:\/\/facomet.cl\/index.php\/alargues-de-chasis-para-camion\/","og_locale":"es_ES","og_type":"article","og_title":"Alargues de chasis para cami\u00f3n - Corte laser","og_description":"Debido a las aplicaciones intr\u00ednsecas de los camiones para traslado de cargas pesadas y recorridos a grandes distancias, muchos propietarios deciden realizar alargues de chasis, en la medida en que es una medida factible para aumentar las capacidades de carga. En Facomet no s\u00f3lo reunimos el conocimiento, sino tambi\u00e9n la experiencia, la maquinaria y la...","og_url":"https:\/\/facomet.cl\/index.php\/alargues-de-chasis-para-camion\/","og_site_name":"Corte laser","article_published_time":"2022-07-18T14:04:38+00:00","article_modified_time":"2024-06-12T21:20:10+00:00","og_image":[{"width":1561,"height":1200,"url":"https:\/\/facomet.cl\/wp-content\/uploads\/2022\/07\/PLEGADO-FIERRO-8-1.jpeg","type":"image\/jpeg"}],"author":"admin","twitter_card":"summary_large_image","twitter_misc":{"Escrito por":"admin","Tiempo de lectura":"1 minuto"},"schema":{"@context":"https:\/\/schema.org","@graph":[{"@type":"Article","@id":"https:\/\/facomet.cl\/index.php\/alargues-de-chasis-para-camion\/#article","isPartOf":{"@id":"https:\/\/facomet.cl\/index.php\/alargues-de-chasis-para-camion\/"},"author":{"name":"admin","@id":"https:\/\/facomet.cl\/#\/schema\/person\/449605bd782fd9275d66bd3de5b1ae84"},"headline":"Alargues de chasis para cami\u00f3n","datePublished":"2022-07-18T14:04:38+00:00","dateModified":"2024-06-12T21:20:10+00:00","mainEntityOfPage":{"@id":"https:\/\/facomet.cl\/index.php\/alargues-de-chasis-para-camion\/"},"wordCount":207,"commentCount":0,"publisher":{"@id":"https:\/\/facomet.cl\/#organization"},"image":{"@id":"https:\/\/facomet.cl\/index.php\/alargues-de-chasis-para-camion\/#primaryimage"},"thumbnailUrl":"https:\/\/facomet.cl\/wp-content\/uploads\/2022\/07\/PLEGADO-FIERRO-8-1.jpeg","articleSection":["Blog"],"inLanguage":"es","potentialAction":[{"@type":"CommentAction","name":"Comment","target":["https:\/\/facomet.cl\/index.php\/alargues-de-chasis-para-camion\/#respond"]}]},{"@type":"WebPage","@id":"https:\/\/facomet.cl\/index.php\/alargues-de-chasis-para-camion\/","url":"https:\/\/facomet.cl\/index.php\/alargues-de-chasis-para-camion\/","name":"Alargues de chasis para cami\u00f3n - Corte laser","isPartOf":{"@id":"https:\/\/facomet.cl\/#website"},"primaryImageOfPage":{"@id":"https:\/\/facomet.cl\/index.php\/alargues-de-chasis-para-camion\/#primaryimage"},"image":{"@id":"https:\/\/facomet.cl\/index.php\/alargues-de-chasis-para-camion\/#primaryimage"},"thumbnailUrl":"https:\/\/facomet.cl\/wp-content\/uploads\/2022\/07\/PLEGADO-FIERRO-8-1.jpeg","datePublished":"2022-07-18T14:04:38+00:00","dateModified":"2024-06-12T21:20:10+00:00","breadcrumb":{"@id":"https:\/\/facomet.cl\/index.php\/alargues-de-chasis-para-camion\/#breadcrumb"},"inLanguage":"es","potentialAction":[{"@type":"ReadAction","target":["https:\/\/facomet.cl\/index.php\/alargues-de-chasis-para-camion\/"]}]},{"@type":"ImageObject","inLanguage":"es","@id":"https:\/\/facomet.cl\/index.php\/alargues-de-chasis-para-camion\/#primaryimage","url":"https:\/\/facomet.cl\/wp-content\/uploads\/2022\/07\/PLEGADO-FIERRO-8-1.jpeg","contentUrl":"https:\/\/facomet.cl\/wp-content\/uploads\/2022\/07\/PLEGADO-FIERRO-8-1.jpeg","width":1561,"height":1200},{"@type":"BreadcrumbList","@id":"https:\/\/facomet.cl\/index.php\/alargues-de-chasis-para-camion\/#breadcrumb","itemListElement":[{"@type":"ListItem","position":1,"name":"Portada","item":"https:\/\/facomet.cl\/"},{"@type":"ListItem","position":2,"name":"Alargues de chasis para cami\u00f3n"}]},{"@type":"WebSite","@id":"https:\/\/facomet.cl\/#website","url":"https:\/\/facomet.cl\/","name":"Aceros Facomet","description":"Cilindrado de planchas, Corte por chorro de agua, Maestranza, Punzonado, Corte y Plegados, Corte por plasma alta definici\u00f3n, Abastecedora Cortinas Facomet, Corte de Planchas Dimensionadas, Corta Laser de Letreros, Metal\u00fargica, Aceros.","publisher":{"@id":"https:\/\/facomet.cl\/#organization"},"potentialAction":[{"@type":"SearchAction","target":{"@type":"EntryPoint","urlTemplate":"https:\/\/facomet.cl\/?s={search_term_string}"},"query-input":{"@type":"PropertyValueSpecification","valueRequired":true,"valueName":"search_term_string"}}],"inLanguage":"es"},{"@type":"Organization","@id":"https:\/\/facomet.cl\/#organization","name":"Aceros Facomet","url":"https:\/\/facomet.cl\/","logo":{"@type":"ImageObject","inLanguage":"es","@id":"https:\/\/facomet.cl\/#\/schema\/logo\/image\/","url":"https:\/\/facomet.cl\/wp-content\/uploads\/2017\/07\/logo-1.png","contentUrl":"https:\/\/facomet.cl\/wp-content\/uploads\/2017\/07\/logo-1.png","width":300,"height":70,"caption":"Aceros Facomet"},"image":{"@id":"https:\/\/facomet.cl\/#\/schema\/logo\/image\/"},"sameAs":["https:\/\/www.instagram.com\/facometspa\/"]},{"@type":"Person","@id":"https:\/\/facomet.cl\/#\/schema\/person\/449605bd782fd9275d66bd3de5b1ae84","name":"admin","image":{"@type":"ImageObject","inLanguage":"es","@id":"https:\/\/facomet.cl\/#\/schema\/person\/image\/","url":"https:\/\/secure.gravatar.com\/avatar\/354c1265984d7092296d95d19ab93a0d053ece583b10d450bf5fddb21c5a4fe4?s=96&d=mm&r=g","contentUrl":"https:\/\/secure.gravatar.com\/avatar\/354c1265984d7092296d95d19ab93a0d053ece583b10d450bf5fddb21c5a4fe4?s=96&d=mm&r=g","caption":"admin"},"sameAs":["https:\/\/facomet.cl"],"url":"https:\/\/facomet.cl\/index.php\/author\/srtv\/"}]}},"_links":{"self":[{"href":"https:\/\/facomet.cl\/index.php\/wp-json\/wp\/v2\/posts\/8211","targetHints":{"allow":["GET"]}}],"collection":[{"href":"https:\/\/facomet.cl\/index.php\/wp-json\/wp\/v2\/posts"}],"about":[{"href":"https:\/\/facomet.cl\/index.php\/wp-json\/wp\/v2\/types\/post"}],"author":[{"embeddable":true,"href":"https:\/\/facomet.cl\/index.php\/wp-json\/wp\/v2\/users\/1"}],"replies":[{"embeddable":true,"href":"https:\/\/facomet.cl\/index.php\/wp-json\/wp\/v2\/comments?post=8211"}],"version-history":[{"count":3,"href":"https:\/\/facomet.cl\/index.php\/wp-json\/wp\/v2\/posts\/8211\/revisions"}],"predecessor-version":[{"id":8592,"href":"https:\/\/facomet.cl\/index.php\/wp-json\/wp\/v2\/posts\/8211\/revisions\/8592"}],"wp:featuredmedia":[{"embeddable":true,"href":"https:\/\/facomet.cl\/index.php\/wp-json\/wp\/v2\/media\/8276"}],"wp:attachment":[{"href":"https:\/\/facomet.cl\/index.php\/wp-json\/wp\/v2\/media?parent=8211"}],"wp:term":[{"taxonomy":"category","embeddable":true,"href":"https:\/\/facomet.cl\/index.php\/wp-json\/wp\/v2\/categories?post=8211"},{"taxonomy":"post_tag","embeddable":true,"href":"https:\/\/facomet.cl\/index.php\/wp-json\/wp\/v2\/tags?post=8211"}],"curies":[{"name":"wp","href":"https:\/\/api.w.org\/{rel}","templated":true}]}}